{"id":1689,"date":"2026-04-23T11:28:14","date_gmt":"2026-04-23T11:28:14","guid":{"rendered":"https:\/\/www.molotov.tv\/actu-tv\/?p=1689"},"modified":"2026-04-23T11:33:15","modified_gmt":"2026-04-23T11:33:15","slug":"cyril-feraud-devient-le-nouvel-animateur-de-fort-boyard-tout-savoir-sur-la-saison-2026","status":"publish","type":"post","link":"https:\/\/www.molotov.tv\/actu-tv\/news-divertissement\/cyril-feraud-devient-le-nouvel-animateur-de-fort-boyard-tout-savoir-sur-la-saison-2026-1689\/","title":{"rendered":"Cyril F\u00e9raud devient le nouvel animateur de Fort Boyard ! Tout savoir sur la saison 2026"},"content":{"rendered":"\n<p>La nouvelle saison de Fort Boyard d\u00e9bute le <strong>4 juillet 2026<\/strong>. Ce jeudi 23 avril 2026, France T\u00e9l\u00e9visions a officialis\u00e9 une nouvelle historique : <strong>Cyril F\u00e9raud succ\u00e8de \u00e0 Olivier Minne<\/strong> \u00e0 l&rsquo;animation de <strong>Fort Boyard<\/strong>. Apr\u00e8s 21 ans de bons et loyaux services, Olivier Minne a rejoint M6, laissant les cl\u00e9s du Fort \u00e0 celui qui en r\u00eavait depuis l&rsquo;enfance.<\/p>\n\n\n\n<div class=\"gb-element-0bd401bf alignfull\">\n<a class=\"gb-text gbp-buttonu002du002dyellow gb-text-d3ccf7ec gbp-button--yellow .wp-block-button__link { background-color: #F5C518 !important; color: #000000 !important; font-weight: 700 !important; border-radius: 6px !important; border: none !important; padding: 12px 24px !important; font-size: 16px !important; } .wp-block-button__link:hover { background-color: #e6b800 !important; color: #000000 !important; }\" href=\"https:\/\/www.molotov.tv\/fr_fr\/p\/1536\/fort-boyard\">\u25b6 <strong>Regarder Fort Boyard<\/strong><\/a>\n<\/div>\n\n\n\n<h2 class=\"wp-block-heading\" id=\"h-cyril-feraud-un-reve-d-enfant-au-sommet-du-fort\"><strong>Cyril F\u00e9raud : Un \u00ab\u00a0r\u00eave d&rsquo;enfant\u00a0\u00bb au sommet du Fort<\/strong><\/h2>\n\n\n\n<p>Vous \u00eates fan de l&rsquo;\u00e9mission et vous n&rsquo;attends qu&rsquo;une seule chose, regarder Fort Boyard en <a href=\"https:\/\/www.molotov.tv\/fr_fr\/c\/19\/france-2\">direct streaming sur France 2<\/a> ? Et bien sachez que pour l&rsquo;animateur de 41 ans, cette nomination est l&rsquo;aboutissement d&rsquo;une v\u00e9ritable passion. Cyril F\u00e9raud entretient un lien unique avec l&rsquo;\u00e9mission :<\/p>\n\n\n\n<ul class=\"wp-block-list\">\n<li><strong>\u00c0 14 ans :<\/strong> Il envoyait d\u00e9j\u00e0 des id\u00e9es d&rsquo;\u00e9preuves \u00e0 la production.<\/li>\n\n\n\n<li><strong>\u00c0 18 ans :<\/strong> Il y effectuait son premier stage.<\/li>\n\n\n\n<li><strong>Candidat fid\u00e8le :<\/strong> Il a particip\u00e9 5 fois au jeu entre 2011 et 2017.<\/li>\n\n\n\n<li><strong>Personnage culte :<\/strong> Depuis 6 ans, il incarnait <strong>Cyril Gossbo<\/strong>, l&rsquo;animateur \u00e0 l&rsquo;allure de poup\u00e9e Ken.<\/li>\n<\/ul>\n\n\n\n<blockquote class=\"wp-block-quote is-layout-flow wp-block-quote-is-layout-flow\">\n<p class=\"gb-text\"><em>\u00ab\u00a0C\u2019est l\u2019\u00e9mission qui m\u2019a donn\u00e9 envie de faire de la t\u00e9l\u00e9vision\u00a0\u00bb<\/em><\/p>\n<\/blockquote>\n\n\n\n<p>, a confi\u00e9 l&rsquo;animateur \u00e0 l&rsquo;AFP. Aujourd&rsquo;hui, il entre dans la l\u00e9gende aux c\u00f4t\u00e9s de Patrice Laffont, Jean-Pierre Castaldi et Olivier Minne.<\/p>\n\n\n\n<h2 class=\"wp-block-heading\" id=\"h-les-nouveautes-de-la-saison-2026-le-retour-des-anonymes\"><strong>Les nouveaut\u00e9s de la saison 2026 : Le retour des anonymes !<\/strong><\/h2>\n\n\n\n<p>Cyril F\u00e9raud ne compte pas seulement assurer la transition, il veut <em>\u00ab\u00a0\u00e9crire une nouvelle page\u00a0\u00bb<\/em>. Le tournage d\u00e9bute dans dix jours pour une diffusion pr\u00e9vue d\u00e8s le <strong>samedi 4 juillet 2026<\/strong>. Voici ce qui vous attend sur <a href=\"https:\/\/www.molotov.tv\/fr_fr\/p\/1536\/fort-boyard\">Fort Boyard en streaming et replay<\/a> :<\/p>\n\n\n\n<ul class=\"wp-block-list\">\n<li><strong>Le retour des anonymes :<\/strong> Grande nouveaut\u00e9, un t\u00e9l\u00e9spectateur int\u00e9grera l&rsquo;\u00e9quipe de c\u00e9l\u00e9brit\u00e9s dans chaque \u00e9mission.<\/li>\n\n\n\n<li><strong>\u00c9volution du r\u00e8glement :<\/strong> Si les fondamentaux restent, le P\u00e8re Fouras et Passe-Partout accueilleront de nouveaux personnages et des \u00e9preuves in\u00e9dites.<\/li>\n\n\n\n<li><strong>Surprises garanties :<\/strong> L&rsquo;animateur promet des choses <em>\u00ab\u00a0jamais faites en 36 ans d&rsquo;\u00e9mission\u00a0\u00bb<\/em>.<\/li>\n<\/ul>\n\n\n\n<div class=\"gb-element-0bd401bf alignfull\">\n<a class=\"gb-text gbp-buttonu002du002dyellow gb-text-d3ccf7ec gbp-button--yellow .wp-block-button__link { background-color: #F5C518 !important; color: #000000 !important; font-weight: 700 !important; border-radius: 6px !important; border: none !important; padding: 12px 24px !important; font-size: 16px !important; } .wp-block-button__link:hover { background-color: #e6b800 !important; color: #000000 !important; }\" href=\"https:\/\/www.molotov.tv\/fr_fr\/p\/1536\/fort-boyard\">\u25b6 <strong>Regarder Fort Boyard<\/strong><\/a>\n<\/div>\n\n\n\n<div class=\"gb-element-44a5fceb\">\n<a href=\"https:\/\/www.extra.molotov.tv\/\" target=\"_blank\" rel=\"noopener\"><img loading=\"lazy\" decoding=\"async\" width=\"585\" height=\"334\" class=\"gb-media-1a794b9d\" alt=\"\" title=\"molotov-extra\" src=\"https:\/\/www.molotov.tv\/actu-tv\/wp-content\/uploads\/2026\/03\/molotov-extra.jpg\" srcset=\"https:\/\/www.molotov.tv\/actu-tv\/wp-content\/uploads\/2026\/03\/molotov-extra.jpg 585w, https:\/\/www.molotov.tv\/actu-tv\/wp-content\/uploads\/2026\/03\/molotov-extra-300x171.jpg 300w\" sizes=\"auto, (max-width: 585px) 100vw, 585px\" \/><\/a>\n\n\n\n<a href=\"https:\/\/extended.molotov.tv\/\" target=\"_blank\" rel=\"noopener\"><img loading=\"lazy\" decoding=\"async\" width=\"588\" height=\"333\" class=\"gb-media-859de11f\" alt=\"Molotov Extended\" title=\"molotov-extended\" src=\"http:\/\/www.molotov.tv\/actu-tv\/wp-content\/uploads\/2026\/03\/molotov-extended.jpg\" srcset=\"https:\/\/www.molotov.tv\/actu-tv\/wp-content\/uploads\/2026\/03\/molotov-extended.jpg 588w, https:\/\/www.molotov.tv\/actu-tv\/wp-content\/uploads\/2026\/03\/molotov-extended-300x170.jpg 300w\" sizes=\"auto, (max-width: 588px) 100vw, 588px\" \/><\/a>\n<\/div>\n\n\n\n<div class=\"gb-element-4acc03ef\">\n<h2 class=\"wp-block-heading\" id=\"h-faq-tout-ce-que-vous-voulez-savoir-sur-cyril-feraud-et-fort-boyard\" style=\"font-size:28px\"><strong>FAQ : Tout ce que vous voulez savoir sur Cyril F\u00e9raud et Fort Boyard<\/strong><\/h2>\n\n\n<div class=\"wp-block-uagb-faq uagb-faq__outer-wrap uagb-block-189f9c46 uagb-faq-icon-row-reverse uagb-faq-layout-accordion uagb-faq-expand-first-true uagb-faq-inactive-other-true uagb-faq__wrap uagb-buttons-layout-wrap uagb-faq-equal-height     \" data-faqtoggle=\"true\" role=\"tablist\"><script type=\"application\/ld+json\">{\"@context\":\"https:\\\/\\\/schema.org\",\"@type\":\"FAQPage\",\"@id\":\"https:\\\/\\\/www.molotov.tv\\\/actu-tv\\\/news-divertissement\\\/cyril-feraud-devient-le-nouvel-animateur-de-fort-boyard-tout-savoir-sur-la-saison-2026-1689\\\/\",\"mainEntity\":[{\"@type\":\"Question\",\"name\":\"<strong>Qui est le nouveau pr\\u00e9sentateur de Fort Boyard en 2026 ?<\\\/strong>\",\"acceptedAnswer\":{\"@type\":\"Answer\",\"text\":\"C'est officiellement <strong>Cyril F\\u00e9raud<\\\/strong> qui reprend les r\\u00eanes du programme. Il succ\\u00e8de \\u00e0 Olivier Minne, parti sur M6 pour animer notamment <em>Le Maillon Faible<\\\/em> et <em>Le Meilleur P\\u00e2tissier<\\\/em>.\"}},{\"@type\":\"Question\",\"name\":\"<strong>Est-ce que Cyril F\\u00e9raud est toujours dans Fort Boyard ?<\\\/strong>\",\"acceptedAnswer\":{\"@type\":\"Answer\",\"text\":\"Oui, mais son r\\u00f4le change radicalement ! Jusqu'ici, il incarnait le personnage de <strong>Cyril Gossbo<\\\/strong>. D\\u00e9sormais, il troque son costume de personnage pour celui de ma\\u00eetre de c\\u00e9r\\u00e9monie et pr\\u00e9sentateur principal.\"}},{\"@type\":\"Question\",\"name\":\"<strong><strong>Quels ont \\u00e9t\\u00e9 les pr\\u00e9sentateurs de Fort Boyard ?<\\\/strong><\\\/strong>\",\"acceptedAnswer\":{\"@type\":\"Answer\",\"text\":\"Cyril F\\u00e9raud devient le quatri\\u00e8me animateur principal du jeu. Avant lui, se sont succ\\u00e9d\\u00e9s :<br>- <strong>Patrice Laffont<\\\/strong> (1990-1999)<br>- <strong>Jean-Pierre Castaldi<\\\/strong> (2000-2002)<br>- <strong>Olivier Minne<\\\/strong> (2003-2025)<br>\"}},{\"@type\":\"Question\",\"name\":\"<strong><strong><strong>Pourquoi Olivier Minne quitte-t-il l'animation de Fort Boyard ?<\\\/strong><\\\/strong><\\\/strong>\",\"acceptedAnswer\":{\"@type\":\"Answer\",\"text\":\"Apr\\u00e8s plus de deux d\\u00e9cennies sur le Fort, Olivier Minne a choisi de donner un nouveau tournant \\u00e0 sa carri\\u00e8re en rejoignant <strong>M6<\\\/strong>. Ce d\\u00e9part a permis \\u00e0 France T\\u00e9l\\u00e9visions de confier les cl\\u00e9s \\u00e0 Cyril F\\u00e9raud, une \\\"\\u00e9vidence\\\" pour la cha\\u00eene tant l'animateur incarne l'\\u00e9nergie et la proximit\\u00e9 avec le public.\"}},{\"@type\":\"Question\",\"name\":\"<strong><strong><strong><strong>Est-ce que Cyril F\\u00e9raud est en couple ?<\\\/strong><\\\/strong><\\\/strong><\\\/strong>\",\"acceptedAnswer\":{\"@type\":\"Answer\",\"text\":\"Cyril F\\u00e9raud reste tr\\u00e8s discret sur sa vie priv\\u00e9e. S'il ne s'affiche pas publiquement, l'animateur a r\\u00e9cemment partag\\u00e9 un immense bonheur avec ses fans : il est devenu <strong>papa d'un petit gar\\u00e7on<\\\/strong>. Vous pourrez d'ailleurs retrouver ses confidences sur cette nouvelle vie de famille dans les \\u00e9missions sp\\u00e9ciales sur <strong>Molotov TV<\\\/strong>.\"}},{\"@type\":\"Question\",\"name\":\"<strong><strong><strong><strong><strong>Est-ce qu'Olivier Minne est le compagnon de Cyril F\\u00e9raud ?<\\\/strong><\\\/strong><\\\/strong><\\\/strong><\\\/strong>\",\"acceptedAnswer\":{\"@type\":\"Answer\",\"text\":\"<strong>Non.<\\\/strong> Malgr\\u00e9 une complicit\\u00e9 \\u00e9vidente et une amiti\\u00e9 de longue date n\\u00e9e sur les tournages, les deux animateurs ne sont pas en couple. Ils se consid\\u00e8rent comme des membres d'une m\\u00eame \\\"famille\\\" t\\u00e9l\\u00e9visuelle. Olivier Minne a d'ailleurs apport\\u00e9 tout son soutien \\u00e0 Cyril F\\u00e9raud pour cette reprise du flambeau sur <strong>France 2<\\\/strong>.\"}}]}<\/script><div class=\"wp-block-uagb-faq-child uagb-faq-child__outer-wrap uagb-faq-item uagb-block-4b6f935d \" role=\"tab\" tabindex=\"0\"><div class=\"uagb-faq-questions-button uagb-faq-questions\">\t\t\t<span class=\"uagb-icon uagb-faq-icon-wrap\">\n\t\t\t\t\t\t\t\t<svg xmlns=\"https:\/\/www.w3.org\/2000\/svg\" viewBox= \"0 0 448 512\"><path d=\"M224 416c-8.188 0-16.38-3.125-22.62-9.375l-192-192c-12.5-12.5-12.5-32.75 0-45.25s32.75-12.5 45.25 0L224 338.8l169.4-169.4c12.5-12.5 32.75-12.5 45.25 0s12.5 32.75 0 45.25l-192 192C240.4 412.9 232.2 416 224 416z\"><\/path><\/svg>\n\t\t\t\t\t\t\t<\/span>\n\t\t\t\t\t\t<span class=\"uagb-icon-active uagb-faq-icon-wrap\">\n\t\t\t\t\t\t\t\t<svg xmlns=\"https:\/\/www.w3.org\/2000\/svg\" viewBox= \"0 0 448 512\"><path d=\"M400 288h-352c-17.69 0-32-14.32-32-32.01s14.31-31.99 32-31.99h352c17.69 0 32 14.3 32 31.99S417.7 288 400 288z\"><\/path><\/svg>\n\t\t\t\t\t\t\t<\/span>\n\t\t\t<h3 class=\"uagb-question\"><strong>Qui est le nouveau pr\u00e9sentateur de Fort Boyard en 2026 ?<\/strong><\/h3><\/div><div class=\"uagb-faq-content\"><p>C&rsquo;est officiellement <strong>Cyril F\u00e9raud<\/strong> qui reprend les r\u00eanes du programme. Il succ\u00e8de \u00e0 Olivier Minne, parti sur M6 pour animer notamment <em>Le Maillon Faible<\/em> et <em>Le Meilleur P\u00e2tissier<\/em>.<\/p><\/div><\/div><div class=\"wp-block-uagb-faq-child uagb-faq-child__outer-wrap uagb-faq-item uagb-block-13425e93 \" role=\"tab\" tabindex=\"0\"><div class=\"uagb-faq-questions-button uagb-faq-questions\">\t\t\t<span class=\"uagb-icon uagb-faq-icon-wrap\">\n\t\t\t\t\t\t\t\t<svg xmlns=\"https:\/\/www.w3.org\/2000\/svg\" viewBox= \"0 0 448 512\"><path d=\"M224 416c-8.188 0-16.38-3.125-22.62-9.375l-192-192c-12.5-12.5-12.5-32.75 0-45.25s32.75-12.5 45.25 0L224 338.8l169.4-169.4c12.5-12.5 32.75-12.5 45.25 0s12.5 32.75 0 45.25l-192 192C240.4 412.9 232.2 416 224 416z\"><\/path><\/svg>\n\t\t\t\t\t\t\t<\/span>\n\t\t\t\t\t\t<span class=\"uagb-icon-active uagb-faq-icon-wrap\">\n\t\t\t\t\t\t\t\t<svg xmlns=\"https:\/\/www.w3.org\/2000\/svg\" viewBox= \"0 0 448 512\"><path d=\"M400 288h-352c-17.69 0-32-14.32-32-32.01s14.31-31.99 32-31.99h352c17.69 0 32 14.3 32 31.99S417.7 288 400 288z\"><\/path><\/svg>\n\t\t\t\t\t\t\t<\/span>\n\t\t\t<h3 class=\"uagb-question\"><strong>Est-ce que Cyril F\u00e9raud est toujours dans Fort Boyard ?<\/strong><\/h3><\/div><div class=\"uagb-faq-content\"><p>Oui, mais son r\u00f4le change radicalement ! Jusqu&rsquo;ici, il incarnait le personnage de <strong>Cyril Gossbo<\/strong>. D\u00e9sormais, il troque son costume de personnage pour celui de ma\u00eetre de c\u00e9r\u00e9monie et pr\u00e9sentateur principal.<\/p><\/div><\/div><div class=\"wp-block-uagb-faq-child uagb-faq-child__outer-wrap uagb-faq-item uagb-block-9dfa3c08 \" role=\"tab\" tabindex=\"0\"><div class=\"uagb-faq-questions-button uagb-faq-questions\">\t\t\t<span class=\"uagb-icon uagb-faq-icon-wrap\">\n\t\t\t\t\t\t\t\t<svg xmlns=\"https:\/\/www.w3.org\/2000\/svg\" viewBox= \"0 0 448 512\"><path d=\"M224 416c-8.188 0-16.38-3.125-22.62-9.375l-192-192c-12.5-12.5-12.5-32.75 0-45.25s32.75-12.5 45.25 0L224 338.8l169.4-169.4c12.5-12.5 32.75-12.5 45.25 0s12.5 32.75 0 45.25l-192 192C240.4 412.9 232.2 416 224 416z\"><\/path><\/svg>\n\t\t\t\t\t\t\t<\/span>\n\t\t\t\t\t\t<span class=\"uagb-icon-active uagb-faq-icon-wrap\">\n\t\t\t\t\t\t\t\t<svg xmlns=\"https:\/\/www.w3.org\/2000\/svg\" viewBox= \"0 0 448 512\"><path d=\"M400 288h-352c-17.69 0-32-14.32-32-32.01s14.31-31.99 32-31.99h352c17.69 0 32 14.3 32 31.99S417.7 288 400 288z\"><\/path><\/svg>\n\t\t\t\t\t\t\t<\/span>\n\t\t\t<h3 class=\"uagb-question\"><strong><strong>Quels ont \u00e9t\u00e9 les pr\u00e9sentateurs de Fort Boyard ?<\/strong><\/strong><\/h3><\/div><div class=\"uagb-faq-content\"><p>Cyril F\u00e9raud devient le quatri\u00e8me animateur principal du jeu. Avant lui, se sont succ\u00e9d\u00e9s :<br>&#8211; <strong>Patrice Laffont<\/strong> (1990-1999)<br>&#8211; <strong>Jean-Pierre Castaldi<\/strong> (2000-2002)<br>&#8211; <strong>Olivier Minne<\/strong> (2003-2025)<br><\/p><\/div><\/div><div class=\"wp-block-uagb-faq-child uagb-faq-child__outer-wrap uagb-faq-item uagb-block-fb61ccbf \" role=\"tab\" tabindex=\"0\"><div class=\"uagb-faq-questions-button uagb-faq-questions\">\t\t\t<span class=\"uagb-icon uagb-faq-icon-wrap\">\n\t\t\t\t\t\t\t\t<svg xmlns=\"https:\/\/www.w3.org\/2000\/svg\" viewBox= \"0 0 448 512\"><path d=\"M224 416c-8.188 0-16.38-3.125-22.62-9.375l-192-192c-12.5-12.5-12.5-32.75 0-45.25s32.75-12.5 45.25 0L224 338.8l169.4-169.4c12.5-12.5 32.75-12.5 45.25 0s12.5 32.75 0 45.25l-192 192C240.4 412.9 232.2 416 224 416z\"><\/path><\/svg>\n\t\t\t\t\t\t\t<\/span>\n\t\t\t\t\t\t<span class=\"uagb-icon-active uagb-faq-icon-wrap\">\n\t\t\t\t\t\t\t\t<svg xmlns=\"https:\/\/www.w3.org\/2000\/svg\" viewBox= \"0 0 448 512\"><path d=\"M400 288h-352c-17.69 0-32-14.32-32-32.01s14.31-31.99 32-31.99h352c17.69 0 32 14.3 32 31.99S417.7 288 400 288z\"><\/path><\/svg>\n\t\t\t\t\t\t\t<\/span>\n\t\t\t<h3 class=\"uagb-question\"><strong><strong><strong>Pourquoi Olivier Minne quitte-t-il l&rsquo;animation de Fort Boyard ?<\/strong><\/strong><\/strong><\/h3><\/div><div class=\"uagb-faq-content\"><p>Apr\u00e8s plus de deux d\u00e9cennies sur le Fort, Olivier Minne a choisi de donner un nouveau tournant \u00e0 sa carri\u00e8re en rejoignant <strong>M6<\/strong>. Ce d\u00e9part a permis \u00e0 France T\u00e9l\u00e9visions de confier les cl\u00e9s \u00e0 Cyril F\u00e9raud, une \u00ab\u00a0\u00e9vidence\u00a0\u00bb pour la cha\u00eene tant l&rsquo;animateur incarne l&rsquo;\u00e9nergie et la proximit\u00e9 avec le public.<\/p><\/div><\/div><div class=\"wp-block-uagb-faq-child uagb-faq-child__outer-wrap uagb-faq-item uagb-block-2752eaee \" role=\"tab\" tabindex=\"0\"><div class=\"uagb-faq-questions-button uagb-faq-questions\">\t\t\t<span class=\"uagb-icon uagb-faq-icon-wrap\">\n\t\t\t\t\t\t\t\t<svg xmlns=\"https:\/\/www.w3.org\/2000\/svg\" viewBox= \"0 0 448 512\"><path d=\"M224 416c-8.188 0-16.38-3.125-22.62-9.375l-192-192c-12.5-12.5-12.5-32.75 0-45.25s32.75-12.5 45.25 0L224 338.8l169.4-169.4c12.5-12.5 32.75-12.5 45.25 0s12.5 32.75 0 45.25l-192 192C240.4 412.9 232.2 416 224 416z\"><\/path><\/svg>\n\t\t\t\t\t\t\t<\/span>\n\t\t\t\t\t\t<span class=\"uagb-icon-active uagb-faq-icon-wrap\">\n\t\t\t\t\t\t\t\t<svg xmlns=\"https:\/\/www.w3.org\/2000\/svg\" viewBox= \"0 0 448 512\"><path d=\"M400 288h-352c-17.69 0-32-14.32-32-32.01s14.31-31.99 32-31.99h352c17.69 0 32 14.3 32 31.99S417.7 288 400 288z\"><\/path><\/svg>\n\t\t\t\t\t\t\t<\/span>\n\t\t\t<h3 class=\"uagb-question\"><strong><strong><strong><strong>Est-ce que Cyril F\u00e9raud est en couple ?<\/strong><\/strong><\/strong><\/strong><\/h3><\/div><div class=\"uagb-faq-content\"><p>Cyril F\u00e9raud reste tr\u00e8s discret sur sa vie priv\u00e9e. S&rsquo;il ne s&rsquo;affiche pas publiquement, l&rsquo;animateur a r\u00e9cemment partag\u00e9 un immense bonheur avec ses fans : il est devenu <strong>papa d&rsquo;un petit gar\u00e7on<\/strong>. Vous pourrez d&rsquo;ailleurs retrouver ses confidences sur cette nouvelle vie de famille dans les \u00e9missions sp\u00e9ciales sur <strong>Molotov TV<\/strong>.<\/p><\/div><\/div><div class=\"wp-block-uagb-faq-child uagb-faq-child__outer-wrap uagb-faq-item uagb-block-2848bfc7 \" role=\"tab\" tabindex=\"0\"><div class=\"uagb-faq-questions-button uagb-faq-questions\">\t\t\t<span class=\"uagb-icon uagb-faq-icon-wrap\">\n\t\t\t\t\t\t\t\t<svg xmlns=\"https:\/\/www.w3.org\/2000\/svg\" viewBox= \"0 0 448 512\"><path d=\"M224 416c-8.188 0-16.38-3.125-22.62-9.375l-192-192c-12.5-12.5-12.5-32.75 0-45.25s32.75-12.5 45.25 0L224 338.8l169.4-169.4c12.5-12.5 32.75-12.5 45.25 0s12.5 32.75 0 45.25l-192 192C240.4 412.9 232.2 416 224 416z\"><\/path><\/svg>\n\t\t\t\t\t\t\t<\/span>\n\t\t\t\t\t\t<span class=\"uagb-icon-active uagb-faq-icon-wrap\">\n\t\t\t\t\t\t\t\t<svg xmlns=\"https:\/\/www.w3.org\/2000\/svg\" viewBox= \"0 0 448 512\"><path d=\"M400 288h-352c-17.69 0-32-14.32-32-32.01s14.31-31.99 32-31.99h352c17.69 0 32 14.3 32 31.99S417.7 288 400 288z\"><\/path><\/svg>\n\t\t\t\t\t\t\t<\/span>\n\t\t\t<h3 class=\"uagb-question\"><strong><strong><strong><strong><strong>Est-ce qu&rsquo;Olivier Minne est le compagnon de Cyril F\u00e9raud ?<\/strong><\/strong><\/strong><\/strong><\/strong><\/h3><\/div><div class=\"uagb-faq-content\"><p><strong>Non.<\/strong> Malgr\u00e9 une complicit\u00e9 \u00e9vidente et une amiti\u00e9 de longue date n\u00e9e sur les tournages, les deux animateurs ne sont pas en couple. Ils se consid\u00e8rent comme des membres d&rsquo;une m\u00eame \u00ab\u00a0famille\u00a0\u00bb t\u00e9l\u00e9visuelle. Olivier Minne a d&rsquo;ailleurs apport\u00e9 tout son soutien \u00e0 Cyril F\u00e9raud pour cette reprise du flambeau sur <strong>France 2<\/strong>.<\/p><\/div><\/div><\/div><\/div>\n\n\n\n","protected":false},"excerpt":{"rendered":"<p>La nouvelle saison de Fort Boyard d\u00e9bute le 4 juillet 2026. Ce jeudi 23 avril 2026, France T\u00e9l\u00e9visions a officialis\u00e9 une nouvelle historique : Cyril F\u00e9raud succ\u00e8de \u00e0 Olivier Minne \u00e0 l&rsquo;animation de Fort Boyard. Apr\u00e8s 21 ans de bons et loyaux services, Olivier Minne a rejoint M6, laissant les cl\u00e9s du Fort \u00e0 celui &#8230; <a title=\"Cyril F\u00e9raud devient le nouvel animateur de Fort Boyard ! Tout savoir sur la saison 2026\" class=\"read-more\" href=\"https:\/\/www.molotov.tv\/actu-tv\/news-divertissement\/cyril-feraud-devient-le-nouvel-animateur-de-fort-boyard-tout-savoir-sur-la-saison-2026-1689\/\" aria-label=\"En savoir plus sur Cyril F\u00e9raud devient le nouvel animateur de Fort Boyard ! Tout savoir sur la saison 2026\">Lire plus<\/a><\/p>\n","protected":false},"author":1,"featured_media":1694,"comment_status":"closed","ping_status":"closed","sticky":false,"template":"","format":"standard","meta":{"_uag_custom_page_level_css":"","footnotes":""},"categories":[20],"tags":[],"class_list":["post-1689","post","type-post","status-publish","format-standard","has-post-thumbnail","hentry","category-news-divertissement"],"yoast_head":"<!-- This site is optimized with the Yoast SEO Premium plugin v27.4 (Yoast SEO v27.4) - https:\/\/yoast.com\/product\/yoast-seo-premium-wordpress\/ -->\n<title>Cyril F\u00e9raud devient le nouvel animateur de Fort Boyard ! Tout savoir sur la saison 2026 | Molotov TV<\/title>\n<meta name=\"description\" content=\"Ce jeudi 23 avril 2026, France T\u00e9l\u00e9visions a officialis\u00e9 une nouvelle historique : Cyril F\u00e9raud succ\u00e8de \u00e0 Olivier Minne \u00e0 l&#039;animation de Fort Boyard.\" \/>\n<meta name=\"robots\" content=\"index, follow, max-snippet:-1, max-image-preview:large, max-video-preview:-1\" \/>\n<link rel=\"canonical\" href=\"https:\/\/www.molotov.tv\/actu-tv\/news-divertissement\/cyril-feraud-devient-le-nouvel-animateur-de-fort-boyard-tout-savoir-sur-la-saison-2026-1689\/\" \/>\n<meta property=\"og:locale\" content=\"fr_FR\" \/>\n<meta property=\"og:type\" content=\"article\" \/>\n<meta property=\"og:title\" content=\"Cyril F\u00e9raud devient le nouvel animateur de Fort Boyard ! Tout savoir sur la saison 2026\" \/>\n<meta property=\"og:description\" content=\"Ce jeudi 23 avril 2026, France T\u00e9l\u00e9visions a officialis\u00e9 une nouvelle historique : Cyril F\u00e9raud succ\u00e8de \u00e0 Olivier Minne \u00e0 l&#039;animation de Fort Boyard.\" \/>\n<meta property=\"og:url\" content=\"https:\/\/www.molotov.tv\/actu-tv\/news-divertissement\/cyril-feraud-devient-le-nouvel-animateur-de-fort-boyard-tout-savoir-sur-la-saison-2026-1689\/\" \/>\n<meta property=\"article:publisher\" content=\"https:\/\/www.facebook.com\/molotovapp\/\" \/>\n<meta property=\"article:published_time\" content=\"2026-04-23T11:28:14+00:00\" \/>\n<meta property=\"article:modified_time\" content=\"2026-04-23T11:33:15+00:00\" \/>\n<meta property=\"og:image\" content=\"https:\/\/www.molotov.tv\/actu-tv\/wp-content\/uploads\/2026\/04\/cyril-feraud.webp\" \/>\n\t<meta property=\"og:image:width\" content=\"1280\" \/>\n\t<meta property=\"og:image:height\" content=\"853\" \/>\n\t<meta property=\"og:image:type\" content=\"image\/webp\" \/>\n<meta name=\"author\" content=\"Molotov TV\" \/>\n<meta name=\"twitter:card\" content=\"summary_large_image\" \/>\n<meta name=\"twitter:creator\" content=\"@MolotovTV\" \/>\n<meta name=\"twitter:site\" content=\"@MolotovTV\" \/>\n<meta name=\"twitter:label1\" content=\"\u00c9crit par\" \/>\n\t<meta name=\"twitter:data1\" content=\"Molotov TV\" \/>\n\t<meta name=\"twitter:label2\" content=\"Dur\u00e9e de lecture estim\u00e9e\" \/>\n\t<meta name=\"twitter:data2\" content=\"2 minutes\" \/>\n<script type=\"application\/ld+json\" class=\"yoast-schema-graph\">{\"@context\":\"https:\\\/\\\/schema.org\",\"@graph\":[{\"@type\":\"NewsArticle\",\"@id\":\"https:\\\/\\\/www.molotov.tv\\\/actu-tv\\\/news-divertissement\\\/cyril-feraud-devient-le-nouvel-animateur-de-fort-boyard-tout-savoir-sur-la-saison-2026-1689\\\/#article\",\"isPartOf\":{\"@id\":\"https:\\\/\\\/www.molotov.tv\\\/actu-tv\\\/news-divertissement\\\/cyril-feraud-devient-le-nouvel-animateur-de-fort-boyard-tout-savoir-sur-la-saison-2026-1689\\\/\"},\"author\":{\"name\":\"Molotov TV\",\"@id\":\"https:\\\/\\\/www.molotov.tv\\\/actu-tv\\\/#\\\/schema\\\/person\\\/377c1de827ac8af43a7242ae0e556e95\"},\"headline\":\"Cyril F\u00e9raud devient le nouvel animateur de Fort Boyard ! Tout savoir sur la saison 2026\",\"datePublished\":\"2026-04-23T11:28:14+00:00\",\"dateModified\":\"2026-04-23T11:33:15+00:00\",\"mainEntityOfPage\":{\"@id\":\"https:\\\/\\\/www.molotov.tv\\\/actu-tv\\\/news-divertissement\\\/cyril-feraud-devient-le-nouvel-animateur-de-fort-boyard-tout-savoir-sur-la-saison-2026-1689\\\/\"},\"wordCount\":356,\"publisher\":{\"@id\":\"https:\\\/\\\/www.molotov.tv\\\/actu-tv\\\/#organization\"},\"image\":{\"@id\":\"https:\\\/\\\/www.molotov.tv\\\/actu-tv\\\/news-divertissement\\\/cyril-feraud-devient-le-nouvel-animateur-de-fort-boyard-tout-savoir-sur-la-saison-2026-1689\\\/#primaryimage\"},\"thumbnailUrl\":\"https:\\\/\\\/www.molotov.tv\\\/actu-tv\\\/wp-content\\\/uploads\\\/2026\\\/04\\\/cyril-feraud.webp\",\"articleSection\":[\"Actu Divertissement\"],\"inLanguage\":\"fr-FR\",\"copyrightYear\":\"2026\",\"copyrightHolder\":{\"@id\":\"https:\\\/\\\/www.molotov.tv\\\/actu-tv\\\/#organization\"}},{\"@type\":[\"WebPage\",\"ItemPage\"],\"@id\":\"https:\\\/\\\/www.molotov.tv\\\/actu-tv\\\/news-divertissement\\\/cyril-feraud-devient-le-nouvel-animateur-de-fort-boyard-tout-savoir-sur-la-saison-2026-1689\\\/\",\"url\":\"https:\\\/\\\/www.molotov.tv\\\/actu-tv\\\/news-divertissement\\\/cyril-feraud-devient-le-nouvel-animateur-de-fort-boyard-tout-savoir-sur-la-saison-2026-1689\\\/\",\"name\":\"Cyril F\u00e9raud devient le nouvel animateur de Fort Boyard ! Tout savoir sur la saison 2026 | Molotov TV\",\"isPartOf\":{\"@id\":\"https:\\\/\\\/www.molotov.tv\\\/actu-tv\\\/#website\"},\"primaryImageOfPage\":{\"@id\":\"https:\\\/\\\/www.molotov.tv\\\/actu-tv\\\/news-divertissement\\\/cyril-feraud-devient-le-nouvel-animateur-de-fort-boyard-tout-savoir-sur-la-saison-2026-1689\\\/#primaryimage\"},\"image\":{\"@id\":\"https:\\\/\\\/www.molotov.tv\\\/actu-tv\\\/news-divertissement\\\/cyril-feraud-devient-le-nouvel-animateur-de-fort-boyard-tout-savoir-sur-la-saison-2026-1689\\\/#primaryimage\"},\"thumbnailUrl\":\"https:\\\/\\\/www.molotov.tv\\\/actu-tv\\\/wp-content\\\/uploads\\\/2026\\\/04\\\/cyril-feraud.webp\",\"datePublished\":\"2026-04-23T11:28:14+00:00\",\"dateModified\":\"2026-04-23T11:33:15+00:00\",\"description\":\"Ce jeudi 23 avril 2026, France T\u00e9l\u00e9visions a officialis\u00e9 une nouvelle historique : Cyril F\u00e9raud succ\u00e8de \u00e0 Olivier Minne \u00e0 l'animation de Fort Boyard.\",\"inLanguage\":\"fr-FR\",\"potentialAction\":[{\"@type\":\"ReadAction\",\"target\":[\"https:\\\/\\\/www.molotov.tv\\\/actu-tv\\\/news-divertissement\\\/cyril-feraud-devient-le-nouvel-animateur-de-fort-boyard-tout-savoir-sur-la-saison-2026-1689\\\/\"]}]},{\"@type\":\"ImageObject\",\"inLanguage\":\"fr-FR\",\"@id\":\"https:\\\/\\\/www.molotov.tv\\\/actu-tv\\\/news-divertissement\\\/cyril-feraud-devient-le-nouvel-animateur-de-fort-boyard-tout-savoir-sur-la-saison-2026-1689\\\/#primaryimage\",\"url\":\"https:\\\/\\\/www.molotov.tv\\\/actu-tv\\\/wp-content\\\/uploads\\\/2026\\\/04\\\/cyril-feraud.webp\",\"contentUrl\":\"https:\\\/\\\/www.molotov.tv\\\/actu-tv\\\/wp-content\\\/uploads\\\/2026\\\/04\\\/cyril-feraud.webp\",\"width\":1280,\"height\":853,\"caption\":\"Cyril F\u00e9raud\"},{\"@type\":\"WebSite\",\"@id\":\"https:\\\/\\\/www.molotov.tv\\\/actu-tv\\\/#website\",\"url\":\"https:\\\/\\\/www.molotov.tv\\\/actu-tv\\\/\",\"name\":\"Actu TV : tous les news de la t\u00e9l\u00e9vision et du streaming | Molotov TV\",\"description\":\"\",\"publisher\":{\"@id\":\"https:\\\/\\\/www.molotov.tv\\\/actu-tv\\\/#organization\"},\"alternateName\":\"Actu TV\",\"potentialAction\":[{\"@type\":\"SearchAction\",\"target\":{\"@type\":\"EntryPoint\",\"urlTemplate\":\"https:\\\/\\\/www.molotov.tv\\\/actu-tv\\\/?s={search_term_string}\"},\"query-input\":{\"@type\":\"PropertyValueSpecification\",\"valueRequired\":true,\"valueName\":\"search_term_string\"}}],\"inLanguage\":\"fr-FR\"},{\"@type\":\"Organization\",\"@id\":\"https:\\\/\\\/www.molotov.tv\\\/actu-tv\\\/#organization\",\"name\":\"Molotov TV\",\"alternateName\":\"Molotov\",\"url\":\"https:\\\/\\\/www.molotov.tv\\\/actu-tv\\\/\",\"logo\":{\"@type\":\"ImageObject\",\"inLanguage\":\"fr-FR\",\"@id\":\"https:\\\/\\\/www.molotov.tv\\\/actu-tv\\\/#\\\/schema\\\/logo\\\/image\\\/\",\"url\":\"http:\\\/\\\/www.molotov.tv\\\/actu-tv\\\/wp-content\\\/uploads\\\/2026\\\/01\\\/logo_molotov.png\",\"contentUrl\":\"http:\\\/\\\/www.molotov.tv\\\/actu-tv\\\/wp-content\\\/uploads\\\/2026\\\/01\\\/logo_molotov.png\",\"width\":256,\"height\":256,\"caption\":\"Molotov TV\"},\"image\":{\"@id\":\"https:\\\/\\\/www.molotov.tv\\\/actu-tv\\\/#\\\/schema\\\/logo\\\/image\\\/\"},\"sameAs\":[\"https:\\\/\\\/www.facebook.com\\\/molotovapp\\\/\",\"https:\\\/\\\/x.com\\\/MolotovTV\",\"https:\\\/\\\/www.instagram.com\\\/molotov\\\/\",\"https:\\\/\\\/www.tiktok.com\\\/@molotovtvofficiel\"]},{\"@type\":\"Person\",\"@id\":\"https:\\\/\\\/www.molotov.tv\\\/actu-tv\\\/#\\\/schema\\\/person\\\/377c1de827ac8af43a7242ae0e556e95\",\"name\":\"Molotov TV\",\"sameAs\":[\"https:\\\/\\\/www.molotov.tv\"],\"url\":\"https:\\\/\\\/www.molotov.tv\\\/actu-tv\\\/author\\\/user\\\/\"}]}<\/script>\n<!-- \/ Yoast SEO Premium plugin. -->","yoast_head_json":{"title":"Cyril F\u00e9raud devient le nouvel animateur de Fort Boyard ! Tout savoir sur la saison 2026 | Molotov TV","description":"Ce jeudi 23 avril 2026, France T\u00e9l\u00e9visions a officialis\u00e9 une nouvelle historique : Cyril F\u00e9raud succ\u00e8de \u00e0 Olivier Minne \u00e0 l'animation de Fort Boyard.","robots":{"index":"index","follow":"follow","max-snippet":"max-snippet:-1","max-image-preview":"max-image-preview:large","max-video-preview":"max-video-preview:-1"},"canonical":"https:\/\/www.molotov.tv\/actu-tv\/news-divertissement\/cyril-feraud-devient-le-nouvel-animateur-de-fort-boyard-tout-savoir-sur-la-saison-2026-1689\/","og_locale":"fr_FR","og_type":"article","og_title":"Cyril F\u00e9raud devient le nouvel animateur de Fort Boyard ! Tout savoir sur la saison 2026","og_description":"Ce jeudi 23 avril 2026, France T\u00e9l\u00e9visions a officialis\u00e9 une nouvelle historique : Cyril F\u00e9raud succ\u00e8de \u00e0 Olivier Minne \u00e0 l'animation de Fort Boyard.","og_url":"https:\/\/www.molotov.tv\/actu-tv\/news-divertissement\/cyril-feraud-devient-le-nouvel-animateur-de-fort-boyard-tout-savoir-sur-la-saison-2026-1689\/","article_publisher":"https:\/\/www.facebook.com\/molotovapp\/","article_published_time":"2026-04-23T11:28:14+00:00","article_modified_time":"2026-04-23T11:33:15+00:00","og_image":[{"width":1280,"height":853,"url":"https:\/\/www.molotov.tv\/actu-tv\/wp-content\/uploads\/2026\/04\/cyril-feraud.webp","type":"image\/webp"}],"author":"Molotov TV","twitter_card":"summary_large_image","twitter_creator":"@MolotovTV","twitter_site":"@MolotovTV","twitter_misc":{"\u00c9crit par":"Molotov TV","Dur\u00e9e de lecture estim\u00e9e":"2 minutes"},"schema":{"@context":"https:\/\/schema.org","@graph":[{"@type":"NewsArticle","@id":"https:\/\/www.molotov.tv\/actu-tv\/news-divertissement\/cyril-feraud-devient-le-nouvel-animateur-de-fort-boyard-tout-savoir-sur-la-saison-2026-1689\/#article","isPartOf":{"@id":"https:\/\/www.molotov.tv\/actu-tv\/news-divertissement\/cyril-feraud-devient-le-nouvel-animateur-de-fort-boyard-tout-savoir-sur-la-saison-2026-1689\/"},"author":{"name":"Molotov TV","@id":"https:\/\/www.molotov.tv\/actu-tv\/#\/schema\/person\/377c1de827ac8af43a7242ae0e556e95"},"headline":"Cyril F\u00e9raud devient le nouvel animateur de Fort Boyard ! Tout savoir sur la saison 2026","datePublished":"2026-04-23T11:28:14+00:00","dateModified":"2026-04-23T11:33:15+00:00","mainEntityOfPage":{"@id":"https:\/\/www.molotov.tv\/actu-tv\/news-divertissement\/cyril-feraud-devient-le-nouvel-animateur-de-fort-boyard-tout-savoir-sur-la-saison-2026-1689\/"},"wordCount":356,"publisher":{"@id":"https:\/\/www.molotov.tv\/actu-tv\/#organization"},"image":{"@id":"https:\/\/www.molotov.tv\/actu-tv\/news-divertissement\/cyril-feraud-devient-le-nouvel-animateur-de-fort-boyard-tout-savoir-sur-la-saison-2026-1689\/#primaryimage"},"thumbnailUrl":"https:\/\/www.molotov.tv\/actu-tv\/wp-content\/uploads\/2026\/04\/cyril-feraud.webp","articleSection":["Actu Divertissement"],"inLanguage":"fr-FR","copyrightYear":"2026","copyrightHolder":{"@id":"https:\/\/www.molotov.tv\/actu-tv\/#organization"}},{"@type":["WebPage","ItemPage"],"@id":"https:\/\/www.molotov.tv\/actu-tv\/news-divertissement\/cyril-feraud-devient-le-nouvel-animateur-de-fort-boyard-tout-savoir-sur-la-saison-2026-1689\/","url":"https:\/\/www.molotov.tv\/actu-tv\/news-divertissement\/cyril-feraud-devient-le-nouvel-animateur-de-fort-boyard-tout-savoir-sur-la-saison-2026-1689\/","name":"Cyril F\u00e9raud devient le nouvel animateur de Fort Boyard ! Tout savoir sur la saison 2026 | Molotov TV","isPartOf":{"@id":"https:\/\/www.molotov.tv\/actu-tv\/#website"},"primaryImageOfPage":{"@id":"https:\/\/www.molotov.tv\/actu-tv\/news-divertissement\/cyril-feraud-devient-le-nouvel-animateur-de-fort-boyard-tout-savoir-sur-la-saison-2026-1689\/#primaryimage"},"image":{"@id":"https:\/\/www.molotov.tv\/actu-tv\/news-divertissement\/cyril-feraud-devient-le-nouvel-animateur-de-fort-boyard-tout-savoir-sur-la-saison-2026-1689\/#primaryimage"},"thumbnailUrl":"https:\/\/www.molotov.tv\/actu-tv\/wp-content\/uploads\/2026\/04\/cyril-feraud.webp","datePublished":"2026-04-23T11:28:14+00:00","dateModified":"2026-04-23T11:33:15+00:00","description":"Ce jeudi 23 avril 2026, France T\u00e9l\u00e9visions a officialis\u00e9 une nouvelle historique : Cyril F\u00e9raud succ\u00e8de \u00e0 Olivier Minne \u00e0 l'animation de Fort Boyard.","inLanguage":"fr-FR","potentialAction":[{"@type":"ReadAction","target":["https:\/\/www.molotov.tv\/actu-tv\/news-divertissement\/cyril-feraud-devient-le-nouvel-animateur-de-fort-boyard-tout-savoir-sur-la-saison-2026-1689\/"]}]},{"@type":"ImageObject","inLanguage":"fr-FR","@id":"https:\/\/www.molotov.tv\/actu-tv\/news-divertissement\/cyril-feraud-devient-le-nouvel-animateur-de-fort-boyard-tout-savoir-sur-la-saison-2026-1689\/#primaryimage","url":"https:\/\/www.molotov.tv\/actu-tv\/wp-content\/uploads\/2026\/04\/cyril-feraud.webp","contentUrl":"https:\/\/www.molotov.tv\/actu-tv\/wp-content\/uploads\/2026\/04\/cyril-feraud.webp","width":1280,"height":853,"caption":"Cyril F\u00e9raud"},{"@type":"WebSite","@id":"https:\/\/www.molotov.tv\/actu-tv\/#website","url":"https:\/\/www.molotov.tv\/actu-tv\/","name":"Actu TV : tous les news de la t\u00e9l\u00e9vision et du streaming | Molotov TV","description":"","publisher":{"@id":"https:\/\/www.molotov.tv\/actu-tv\/#organization"},"alternateName":"Actu TV","potentialAction":[{"@type":"SearchAction","target":{"@type":"EntryPoint","urlTemplate":"https:\/\/www.molotov.tv\/actu-tv\/?s={search_term_string}"},"query-input":{"@type":"PropertyValueSpecification","valueRequired":true,"valueName":"search_term_string"}}],"inLanguage":"fr-FR"},{"@type":"Organization","@id":"https:\/\/www.molotov.tv\/actu-tv\/#organization","name":"Molotov TV","alternateName":"Molotov","url":"https:\/\/www.molotov.tv\/actu-tv\/","logo":{"@type":"ImageObject","inLanguage":"fr-FR","@id":"https:\/\/www.molotov.tv\/actu-tv\/#\/schema\/logo\/image\/","url":"http:\/\/www.molotov.tv\/actu-tv\/wp-content\/uploads\/2026\/01\/logo_molotov.png","contentUrl":"http:\/\/www.molotov.tv\/actu-tv\/wp-content\/uploads\/2026\/01\/logo_molotov.png","width":256,"height":256,"caption":"Molotov TV"},"image":{"@id":"https:\/\/www.molotov.tv\/actu-tv\/#\/schema\/logo\/image\/"},"sameAs":["https:\/\/www.facebook.com\/molotovapp\/","https:\/\/x.com\/MolotovTV","https:\/\/www.instagram.com\/molotov\/","https:\/\/www.tiktok.com\/@molotovtvofficiel"]},{"@type":"Person","@id":"https:\/\/www.molotov.tv\/actu-tv\/#\/schema\/person\/377c1de827ac8af43a7242ae0e556e95","name":"Molotov TV","sameAs":["https:\/\/www.molotov.tv"],"url":"https:\/\/www.molotov.tv\/actu-tv\/author\/user\/"}]}},"uagb_featured_image_src":{"full":["https:\/\/www.molotov.tv\/actu-tv\/wp-content\/uploads\/2026\/04\/cyril-feraud.webp",1280,853,false],"thumbnail":["https:\/\/www.molotov.tv\/actu-tv\/wp-content\/uploads\/2026\/04\/cyril-feraud-150x150.webp",150,150,true],"medium":["https:\/\/www.molotov.tv\/actu-tv\/wp-content\/uploads\/2026\/04\/cyril-feraud-300x200.webp",300,200,true],"medium_large":["https:\/\/www.molotov.tv\/actu-tv\/wp-content\/uploads\/2026\/04\/cyril-feraud-768x512.webp",768,512,true],"large":["https:\/\/www.molotov.tv\/actu-tv\/wp-content\/uploads\/2026\/04\/cyril-feraud-1024x682.webp",1024,682,true],"1536x1536":["https:\/\/www.molotov.tv\/actu-tv\/wp-content\/uploads\/2026\/04\/cyril-feraud.webp",1280,853,false],"2048x2048":["https:\/\/www.molotov.tv\/actu-tv\/wp-content\/uploads\/2026\/04\/cyril-feraud.webp",1280,853,false]},"uagb_author_info":{"display_name":"Molotov TV","author_link":"https:\/\/www.molotov.tv\/actu-tv\/author\/user\/"},"uagb_comment_info":0,"uagb_excerpt":"La nouvelle saison de Fort Boyard d\u00e9bute le 4 juillet 2026. Ce jeudi 23 avril 2026, France T\u00e9l\u00e9visions a officialis\u00e9 une nouvelle historique : Cyril F\u00e9raud succ\u00e8de \u00e0 Olivier Minne \u00e0 l&rsquo;animation de Fort Boyard. Apr\u00e8s 21 ans de bons et loyaux services, Olivier Minne a rejoint M6, laissant les cl\u00e9s du Fort \u00e0 celui\u2026","_links":{"self":[{"href":"https:\/\/www.molotov.tv\/actu-tv\/wp-json\/wp\/v2\/posts\/1689","targetHints":{"allow":["GET"]}}],"collection":[{"href":"https:\/\/www.molotov.tv\/actu-tv\/wp-json\/wp\/v2\/posts"}],"about":[{"href":"https:\/\/www.molotov.tv\/actu-tv\/wp-json\/wp\/v2\/types\/post"}],"author":[{"embeddable":true,"href":"https:\/\/www.molotov.tv\/actu-tv\/wp-json\/wp\/v2\/users\/1"}],"replies":[{"embeddable":true,"href":"https:\/\/www.molotov.tv\/actu-tv\/wp-json\/wp\/v2\/comments?post=1689"}],"version-history":[{"count":3,"href":"https:\/\/www.molotov.tv\/actu-tv\/wp-json\/wp\/v2\/posts\/1689\/revisions"}],"predecessor-version":[{"id":1697,"href":"https:\/\/www.molotov.tv\/actu-tv\/wp-json\/wp\/v2\/posts\/1689\/revisions\/1697"}],"wp:featuredmedia":[{"embeddable":true,"href":"https:\/\/www.molotov.tv\/actu-tv\/wp-json\/wp\/v2\/media\/1694"}],"wp:attachment":[{"href":"https:\/\/www.molotov.tv\/actu-tv\/wp-json\/wp\/v2\/media?parent=1689"}],"wp:term":[{"taxonomy":"category","embeddable":true,"href":"https:\/\/www.molotov.tv\/actu-tv\/wp-json\/wp\/v2\/categories?post=1689"},{"taxonomy":"post_tag","embeddable":true,"href":"https:\/\/www.molotov.tv\/actu-tv\/wp-json\/wp\/v2\/tags?post=1689"}],"curies":[{"name":"wp","href":"https:\/\/api.w.org\/{rel}","templated":true}]}}